{"id":6220,"date":"2026-05-12T16:14:01","date_gmt":"2026-05-12T16:14:01","guid":{"rendered":"https:\/\/agrag.cl\/?p=6220"},"modified":"2026-09-02T21:07:37","modified_gmt":"2026-09-02T21:07:37","slug":"carta-agr-a-la-ministra-rincon-mayo-2026","status":"publish","type":"post","link":"https:\/\/agrag.cl\/en\/carta-agr-a-la-ministra-rincon-mayo-2026\/","title":{"rendered":"Carta AGR a la ministra Rinc\u00f3n (mayo 2026)"},"content":{"rendered":"<p>Santiago, 12 de mayo de 2026.<\/p>\n\n\n\n<p>Se\u00f1ora<br>Ximena Rinc\u00f3n Gonz\u00e1lez<br>Ministra de Energ\u00eda<br>Presente<\/p>\n\n\n\n<p>Estimado se\u00f1ora Ministra:<br>En nombre de la Asociaci\u00f3n de Generaci\u00f3n Renovable A.G. (AGR), gremio que re\u00fane a las principales empresas generadoras de energ\u00edas limpias en Chile, me dirijo a usted con motivo de la carta que recientemente le fuera remitida al ministro de Hacienda por un conjunto de empresas y fondos de inversi\u00f3n propietarios de medios de generaci\u00f3n distribuidos (PMGD), en la que le solicitan intervenir respecto del reingreso a la Contralor\u00eda General de la Rep\u00fablica (CGR) de la modificaci\u00f3n a los Decretos Supremos N\u00b088 y N\u00b0125 del Ministerio de Energ\u00eda.<\/p>\n\n\n\n<p>Como es de su conocimiento, los reglamentos cuya tramitaci\u00f3n se cuestiona s\u00f3lo tienen por objeto corregir graves distorsiones a la competencia que favorecen al segmento PMGD en perjuicio del resto del sistema el\u00e9ctrico y, en particular, respecto de los precios de la energ\u00eda el\u00e9ctrica que pagan todos los consumidores del pa\u00eds.<\/p>\n\n\n\n<p>El r\u00e9gimen actualmente vigente permite a los PMGD acogerse a un mecanismo de estabilizaci\u00f3n de precios que, en la pr\u00e1ctica, les asegura ingresos sustancialmente superiores a los de cualquier otro generador, incluidos aquellos proyectos renovables de mayor escala que compiten en condiciones de mercado y que hoy soportan recortes a su producci\u00f3n de energ\u00eda el\u00e9ctrica sin compensaci\u00f3n alguna. Por tanto, los PMGD actualmente gozan de un subsidio cruzado que pagan, directa o indirectamente, todos los chilenos.<\/p>\n\n\n\n<p>Esta caracterizaci\u00f3n no constituye una apreciaci\u00f3n de parte. Es la conclusi\u00f3n a la que han arribado, de manera convergente, el Coordinador El\u00e9ctrico Nacional en sus informes t\u00e9cnicos sobre operaci\u00f3n del sistema y costos de transferencia, el propio Ministerio de Energ\u00eda a trav\u00e9s de los antecedentes que sustentaron la elaboraci\u00f3n de las modificaciones que se est\u00e1n tramitando en la CGR de ambos reglamentos, las asociaciones representativas de los grandes consumidores industriales y mineros, y los representantes de los clientes regulados. Todos ellos han manifestado, en instancias t\u00e9cnicas y p\u00fablicas, la urgencia de que estos decretos sean tramitados a la brevedad y han advertido que cualquier dilaci\u00f3n adicional comprometer\u00e1 seriamente la integridad del mercado el\u00e9ctrico, perpetuando transferencias de renta sobre normales a los PMGD que carecen de justificaci\u00f3n econ\u00f3mica.<\/p>\n\n\n\n<p>Como usted y el subsecretario de Energ\u00eda, don Hugo Briones, han expuesto en diversas instancias \u2014incluida una comparecencia formal ante la Comisi\u00f3n de Miner\u00eda y Energ\u00eda del Honorable Senado\u2014 el car\u00e1cter inaceptable del sobrecosto que el actual r\u00e9gimen de subsidio cruzado a los PMGD impone sobre las cuentas de la luz de hogares y empresas, as\u00ed como la necesidad de avanzar sin m\u00e1s demora en su correcci\u00f3n regulatoria. Los antecedentes t\u00e9cnicos, jur\u00eddicos y econ\u00f3micos que han acompa\u00f1ado dicha exposici\u00f3n resultan, a nuestro juicio, suficientemente s\u00f3lidos para sostener la tramitaci\u00f3n a las modificaciones de los reglamentos en los t\u00e9rminos en que han sido reingresados.<\/p>\n\n\n\n<p>Somos conscientes \u2014y es de p\u00fablico conocimiento\u2014 de la intensa presi\u00f3n que han ejercido sobre la institucionalidad chilena diversos fondos de inversi\u00f3n internacionales con el objeto de impedir o postergar la entrada en vigor de estas modificaciones reglamentarias, presi\u00f3n que se ha desplegado en m\u00faltiples frentes y que ha llegado a expresarse incluso en la \u00faltima edici\u00f3n del Chile Day. Esa circunstancia, lejos de constituir un argumento para revisar la orientaci\u00f3n de la pol\u00edtica p\u00fablica, refuerza la importancia de que ministerio de Energ\u00eda sostenga con firmeza el curso regulatorio definido, sobre la base de criterios t\u00e9cnicos y de<br>inter\u00e9s general, resistiendo se\u00f1ales que, de prosperar, instalar\u00edan un precedente delicado respecto de la capacidad del pa\u00eds para corregir distorsiones de mercado.<\/p>\n\n\n\n<p>Por las razones expuestas, AGR expresa a usted, y por su intermedio al Gobierno, su pleno respaldo a la pol\u00edtica que el Ministerio de Energ\u00eda ha impulsado en esta materia, as\u00ed como su convencimiento de que la pronta entrada en vigor de las modificaciones a los Decretos Supremos N\u00b088 y N\u00b0125 constituye una se\u00f1al indispensable de seriedad regulatoria, eficiencia econ\u00f3mica y equidad para los usuarios del sistema el\u00e9ctrico nacional.<br>Le saluda atentamente,<\/p>\n\n\n\n<p>Jaime Toledo R.<\/p>\n\n\n\n<p>President<\/p>\n\n\n\n<p>Asociaci\u00f3n de Generaci\u00f3n Renovable A.G.<\/p>\n\n\n\n<p>(AGR)<\/p>\n\n\n\n<p>Rafael Loyola D.<\/p>\n\n\n\n<p>Director Ejecutivo<\/p>\n\n\n\n<p>Asociaci\u00f3n de Generaci\u00f3n Renovable A.G.<\/p>\n\n\n\n<p>(AGR)<br>c.c.: Sr. Hugo Briones, Subsecretario de Energ\u00eda<\/p>\n\n\n\n<div class=\"wp-block-uagb-buttons uagb-buttons__outer-wrap uagb-btn__default-btn uagb-btn-tablet__default-btn uagb-btn-mobile__default-btn uagb-block-701afca6\"><div class=\"uagb-buttons__wrap uagb-buttons-layout-wrap\">\n<div class=\"wp-block-uagb-buttons-child uagb-buttons__outer-wrap uagb-block-329ca1ac wp-block-button\"><div class=\"uagb-button__wrapper\"><a class=\"uagb-buttons-repeater wp-block-button__link\" aria-label=\"\" href=\"https:\/\/agrag.cl\/wp-content\/uploads\/2026\/09\/Carta-AGR-a-ministra-12.5.26.pdf\" rel=\"follow noopener\" target=\"_self\" role=\"button\"><div class=\"uagb-button__link\">Ver la carta aqu\u00ed<\/div><span class=\"uagb-button__icon uagb-button__icon-position-after\"><svg xmlns=\"https:\/\/www.w3.org\/2000\/svg\" viewbox=\"0 0 448 512\" aria-hidden=\"true\" focussable=\"false\"><path d=\"M438.6 278.6l-160 160C272.4 444.9 264.2 448 256 448s-16.38-3.125-22.62-9.375c-12.5-12.5-12.5-32.75 0-45.25L338.8 288H32C14.33 288 .0016 273.7 .0016 256S14.33 224 32 224h306.8l-105.4-105.4c-12.5-12.5-12.5-32.75 0-45.25s32.75-12.5 45.25 0l160 160C451.1 245.9 451.1 266.1 438.6 278.6z\"><\/path><\/svg><\/span><\/a><\/div><\/div>\n<\/div><\/div>\n\n\n\n<p><\/p>\n\n\n\n<p><\/p>\n\n\n\n<p><\/p>","protected":false},"excerpt":{"rendered":"<p>Santiago, 12 de mayo de 2026. Se\u00f1oraXimena Rinc\u00f3n Gonz\u00e1lezMinistra de Energ\u00edaPresente Estimado se\u00f1ora Ministra:En nombre de la Asociaci\u00f3n de Generaci\u00f3n Renovable A.G. (AGR), gremio que re\u00fane a las principales empresas generadoras de energ\u00edas limpias en Chile, me dirijo a usted con motivo de la carta que recientemente le fuera remitida al ministro de Hacienda por [&hellip;]<\/p>","protected":false},"author":1,"featured_media":0,"comment_status":"closed","ping_status":"open","sticky":false,"template":"","format":"standard","meta":{"om_disable_all_campaigns":false,"_uag_custom_page_level_css":"","_monsterinsights_skip_tracking":false,"site-sidebar-layout":"default","site-content-layout":"","ast-site-content-layout":"default","site-content-style":"default","site-sidebar-style":"default","ast-global-header-display":"","ast-banner-title-visibility":"","ast-main-header-display":"","ast-hfb-above-header-display":"","ast-hfb-below-header-display":"","ast-hfb-mobile-header-display":"","site-post-title":"","ast-breadcrumbs-content":"","ast-featured-img":"","footer-sml-layout":"","theme-transparent-header-meta":"","adv-header-id-meta":"","stick-header-meta":"","header-above-stick-meta":"","header-main-stick-meta":"","header-below-stick-meta":"","astra-migrate-meta-layouts":"set","ast-page-background-enabled":"default","ast-page-background-meta":{"desktop":{"background-color":"","background-image":"","background-repeat":"repeat","background-position":"center center","background-size":"auto","background-attachment":"scroll","background-type":"","background-media":"","overlay-type":"","overlay-color":"","overlay-opacity":"","overlay-gradient":""},"tablet":{"background-color":"","background-image":"","background-repeat":"repeat","background-position":"center center","background-size":"auto","background-attachment":"scroll","background-type":"","background-media":"","overlay-type":"","overlay-color":"","overlay-opacity":"","overlay-gradient":""},"mobile":{"background-color":"","background-image":"","background-repeat":"repeat","background-position":"center center","background-size":"auto","background-attachment":"scroll","background-type":"","background-media":"","overlay-type":"","overlay-color":"","overlay-opacity":"","overlay-gradient":""}},"ast-content-background-meta":{"desktop":{"background-color":"var(--ast-global-color-5)","background-image":"","background-repeat":"repeat","background-position":"center center","background-size":"auto","background-attachment":"scroll","background-type":"","background-media":"","overlay-type":"","overlay-color":"","overlay-opacity":"","overlay-gradient":""},"tablet":{"background-color":"var(--ast-global-color-5)","background-image":"","background-repeat":"repeat","background-position":"center center","background-size":"auto","background-attachment":"scroll","background-type":"","background-media":"","overlay-type":"","overlay-color":"","overlay-opacity":"","overlay-gradient":""},"mobile":{"background-color":"var(--ast-global-color-5)","background-image":"","background-repeat":"repeat","background-position":"center center","background-size":"auto","background-attachment":"scroll","background-type":"","background-media":"","overlay-type":"","overlay-color":"","overlay-opacity":"","overlay-gradient":""}},"footnotes":""},"categories":[8],"tags":[],"class_list":["post-6220","post","type-post","status-publish","format-standard","hentry","category-noticias"],"aioseo_notices":[],"uagb_featured_image_src":{"full":false,"thumbnail":false,"medium":false,"medium_large":false,"large":false,"1536x1536":false,"2048x2048":false,"trp-custom-language-flag":false},"uagb_author_info":{"display_name":"Asociaci\u00f3n de Generaci\u00f3n Renovable","author_link":"https:\/\/agrag.cl\/en\/author\/csozaproyectacomunicaciones-cl\/"},"uagb_comment_info":0,"uagb_excerpt":"Santiago, 12 de mayo de 2026. Se\u00f1oraXimena Rinc\u00f3n Gonz\u00e1lezMinistra de Energ\u00edaPresente Estimado se\u00f1ora Ministra:En nombre de la Asociaci\u00f3n de Generaci\u00f3n Renovable A.G. (AGR), gremio que re\u00fane a las principales empresas generadoras de energ\u00edas limpias en Chile, me dirijo a usted con motivo de la carta que recientemente le fuera remitida al ministro de Hacienda por&hellip;","_links":{"self":[{"href":"https:\/\/agrag.cl\/en\/wp-json\/wp\/v2\/posts\/6220","targetHints":{"allow":["GET"]}}],"collection":[{"href":"https:\/\/agrag.cl\/en\/wp-json\/wp\/v2\/posts"}],"about":[{"href":"https:\/\/agrag.cl\/en\/wp-json\/wp\/v2\/types\/post"}],"author":[{"embeddable":true,"href":"https:\/\/agrag.cl\/en\/wp-json\/wp\/v2\/users\/1"}],"replies":[{"embeddable":true,"href":"https:\/\/agrag.cl\/en\/wp-json\/wp\/v2\/comments?post=6220"}],"version-history":[{"count":3,"href":"https:\/\/agrag.cl\/en\/wp-json\/wp\/v2\/posts\/6220\/revisions"}],"predecessor-version":[{"id":6226,"href":"https:\/\/agrag.cl\/en\/wp-json\/wp\/v2\/posts\/6220\/revisions\/6226"}],"wp:attachment":[{"href":"https:\/\/agrag.cl\/en\/wp-json\/wp\/v2\/media?parent=6220"}],"wp:term":[{"taxonomy":"category","embeddable":true,"href":"https:\/\/agrag.cl\/en\/wp-json\/wp\/v2\/categories?post=6220"},{"taxonomy":"post_tag","embeddable":true,"href":"https:\/\/agrag.cl\/en\/wp-json\/wp\/v2\/tags?post=6220"}],"curies":[{"name":"wp","href":"https:\/\/api.w.org\/{rel}","templated":true}]}}