{"id":6243,"date":"2026-07-20T20:43:11","date_gmt":"2026-07-20T20:43:11","guid":{"rendered":"https:\/\/agrag.cl\/?p=6243"},"modified":"2026-09-02T21:09:53","modified_gmt":"2026-09-02T21:09:53","slug":"agr-expone-en-la-comision-de-mineria-y-energia-del-senado","status":"publish","type":"post","link":"https:\/\/agrag.cl\/en\/agr-expone-en-la-comision-de-mineria-y-energia-del-senado\/","title":{"rendered":"AGR expone en la Comisi\u00f3n de Miner\u00eda y Energ\u00eda del Senado"},"content":{"rendered":"<p>Santiago, 20 de julio de 2026.<\/p>\n\n\n\n<p>Participamos en la Comisi\u00f3n de Miner\u00eda y Energ\u00eda del Senado para presentar la visi\u00f3n de la Asociaci\u00f3n de Generaci\u00f3n Renovable (AGR A.G.) sobre el proyecto de ley de Protecci\u00f3n Tarifaria El\u00e9ctrica.&nbsp;<\/p>\n\n\n\n<p>En la instancia, reafirmamos nuestro respaldo a una normalizaci\u00f3n tarifaria que combine protecci\u00f3n para los hogares m\u00e1s vulnerables con condiciones que resguarden la certeza regulatoria, la viabilidad de las inversiones y el desarrollo de una transici\u00f3n energ\u00e9tica basada en reglas claras y estables.<\/p>\n\n\n\n<p>Asimismo, planteamos la necesidad de avanzar en reformas que permitan reducir las ineficiencias y distorsiones que hoy encarecen el sistema el\u00e9ctrico, fortaleciendo la competencia y contribuyendo a tarifas m\u00e1s eficientes para los consumidores. Desde AGR seguiremos aportando una mirada t\u00e9cnica al debate regulatorio, convencidos de que mejores pol\u00edticas p\u00fablicas se construyen sobre evidencia, di\u00e1logo y visi\u00f3n de largo plazo.&nbsp;<\/p>\n\n\n\n<p><\/p>\n\n\n\n<p><\/p>\n\n\n\n<p><\/p>","protected":false},"excerpt":{"rendered":"<p>Santiago, 20 de julio de 2026. Participamos en la Comisi\u00f3n de Miner\u00eda y Energ\u00eda del Senado para presentar la visi\u00f3n de la Asociaci\u00f3n de Generaci\u00f3n Renovable (AGR A.G.) sobre el proyecto de ley de Protecci\u00f3n Tarifaria El\u00e9ctrica.&nbsp; En la instancia, reafirmamos nuestro respaldo a una normalizaci\u00f3n tarifaria que combine protecci\u00f3n para los hogares m\u00e1s vulnerables [&hellip;]<\/p>","protected":false},"author":1,"featured_media":6244,"comment_status":"closed","ping_status":"open","sticky":false,"template":"","format":"standard","meta":{"om_disable_all_campaigns":false,"_uag_custom_page_level_css":"","_monsterinsights_skip_tracking":false,"site-sidebar-layout":"default","site-content-layout":"","ast-site-content-layout":"default","site-content-style":"default","site-sidebar-style":"default","ast-global-header-display":"","ast-banner-title-visibility":"","ast-main-header-display":"","ast-hfb-above-header-display":"","ast-hfb-below-header-display":"","ast-hfb-mobile-header-display":"","site-post-title":"","ast-breadcrumbs-content":"","ast-featured-img":"","footer-sml-layout":"","theme-transparent-header-meta":"","adv-header-id-meta":"","stick-header-meta":"","header-above-stick-meta":"","header-main-stick-meta":"","header-below-stick-meta":"","astra-migrate-meta-layouts":"set","ast-page-background-enabled":"default","ast-page-background-meta":{"desktop":{"background-color":"","background-image":"","background-repeat":"repeat","background-position":"center center","background-size":"auto","background-attachment":"scroll","background-type":"","background-media":"","overlay-type":"","overlay-color":"","overlay-opacity":"","overlay-gradient":""},"tablet":{"background-color":"","background-image":"","background-repeat":"repeat","background-position":"center center","background-size":"auto","background-attachment":"scroll","background-type":"","background-media":"","overlay-type":"","overlay-color":"","overlay-opacity":"","overlay-gradient":""},"mobile":{"background-color":"","background-image":"","background-repeat":"repeat","background-position":"center center","background-size":"auto","background-attachment":"scroll","background-type":"","background-media":"","overlay-type":"","overlay-color":"","overlay-opacity":"","overlay-gradient":""}},"ast-content-background-meta":{"desktop":{"background-color":"var(--ast-global-color-5)","background-image":"","background-repeat":"repeat","background-position":"center center","background-size":"auto","background-attachment":"scroll","background-type":"","background-media":"","overlay-type":"","overlay-color":"","overlay-opacity":"","overlay-gradient":""},"tablet":{"background-color":"var(--ast-global-color-5)","background-image":"","background-repeat":"repeat","background-position":"center center","background-size":"auto","background-attachment":"scroll","background-type":"","background-media":"","overlay-type":"","overlay-color":"","overlay-opacity":"","overlay-gradient":""},"mobile":{"background-color":"var(--ast-global-color-5)","background-image":"","background-repeat":"repeat","background-position":"center center","background-size":"auto","background-attachment":"scroll","background-type":"","background-media":"","overlay-type":"","overlay-color":"","overlay-opacity":"","overlay-gradient":""}},"footnotes":""},"categories":[8],"tags":[],"class_list":["post-6243","post","type-post","status-publish","format-standard","has-post-thumbnail","hentry","category-noticias"],"aioseo_notices":[],"uagb_featured_image_src":{"full":["https:\/\/agrag.cl\/wp-content\/uploads\/2026\/09\/AGR-en-la-comision.jpg",739,408,false],"thumbnail":["https:\/\/agrag.cl\/wp-content\/uploads\/2026\/09\/AGR-en-la-comision-150x150.jpg",150,150,true],"medium":["https:\/\/agrag.cl\/wp-content\/uploads\/2026\/09\/AGR-en-la-comision-300x166.jpg",300,166,true],"medium_large":["https:\/\/agrag.cl\/wp-content\/uploads\/2026\/09\/AGR-en-la-comision.jpg",739,408,false],"large":["https:\/\/agrag.cl\/wp-content\/uploads\/2026\/09\/AGR-en-la-comision.jpg",739,408,false],"1536x1536":["https:\/\/agrag.cl\/wp-content\/uploads\/2026\/09\/AGR-en-la-comision.jpg",739,408,false],"2048x2048":["https:\/\/agrag.cl\/wp-content\/uploads\/2026\/09\/AGR-en-la-comision.jpg",739,408,false],"trp-custom-language-flag":["https:\/\/agrag.cl\/wp-content\/uploads\/2026\/09\/AGR-en-la-comision-18x10.jpg",18,10,true]},"uagb_author_info":{"display_name":"Asociaci\u00f3n de Generaci\u00f3n Renovable","author_link":"https:\/\/agrag.cl\/en\/author\/csozaproyectacomunicaciones-cl\/"},"uagb_comment_info":0,"uagb_excerpt":"Santiago, 20 de julio de 2026. Participamos en la Comisi\u00f3n de Miner\u00eda y Energ\u00eda del Senado para presentar la visi\u00f3n de la Asociaci\u00f3n de Generaci\u00f3n Renovable (AGR A.G.) sobre el proyecto de ley de Protecci\u00f3n Tarifaria El\u00e9ctrica.&nbsp; En la instancia, reafirmamos nuestro respaldo a una normalizaci\u00f3n tarifaria que combine protecci\u00f3n para los hogares m\u00e1s vulnerables&hellip;","_links":{"self":[{"href":"https:\/\/agrag.cl\/en\/wp-json\/wp\/v2\/posts\/6243","targetHints":{"allow":["GET"]}}],"collection":[{"href":"https:\/\/agrag.cl\/en\/wp-json\/wp\/v2\/posts"}],"about":[{"href":"https:\/\/agrag.cl\/en\/wp-json\/wp\/v2\/types\/post"}],"author":[{"embeddable":true,"href":"https:\/\/agrag.cl\/en\/wp-json\/wp\/v2\/users\/1"}],"replies":[{"embeddable":true,"href":"https:\/\/agrag.cl\/en\/wp-json\/wp\/v2\/comments?post=6243"}],"version-history":[{"count":1,"href":"https:\/\/agrag.cl\/en\/wp-json\/wp\/v2\/posts\/6243\/revisions"}],"predecessor-version":[{"id":6245,"href":"https:\/\/agrag.cl\/en\/wp-json\/wp\/v2\/posts\/6243\/revisions\/6245"}],"wp:featuredmedia":[{"embeddable":true,"href":"https:\/\/agrag.cl\/en\/wp-json\/wp\/v2\/media\/6244"}],"wp:attachment":[{"href":"https:\/\/agrag.cl\/en\/wp-json\/wp\/v2\/media?parent=6243"}],"wp:term":[{"taxonomy":"category","embeddable":true,"href":"https:\/\/agrag.cl\/en\/wp-json\/wp\/v2\/categories?post=6243"},{"taxonomy":"post_tag","embeddable":true,"href":"https:\/\/agrag.cl\/en\/wp-json\/wp\/v2\/tags?post=6243"}],"curies":[{"name":"wp","href":"https:\/\/api.w.org\/{rel}","templated":true}]}}