{"id":6250,"date":"2026-08-01T20:58:27","date_gmt":"2026-08-01T20:58:27","guid":{"rendered":"https:\/\/agrag.cl\/?p=6250"},"modified":"2026-09-02T21:14:30","modified_gmt":"2026-09-02T21:14:30","slug":"agr-en-seminario-es-posible-bajar-la-cuenta-de-la-luz","status":"publish","type":"post","link":"https:\/\/agrag.cl\/en\/agr-en-seminario-es-posible-bajar-la-cuenta-de-la-luz\/","title":{"rendered":"AGR en seminario &#8220;\u00bfEs posible bajar la cuenta de la luz?&#8221;"},"content":{"rendered":"<p>Santiago, 01 de agosto de 2026.<\/p>\n\n\n\n<p>Compartimos la publicaci\u00f3n de El Mercurio con fotos del seminario \u201c\u00bfEs posible bajar la cuenta de la luz?\u201d, organizado junto a ACCIONA Energ\u00eda, una instancia que reuni\u00f3 a autoridades, parlamentarios, representantes de la industria y expertos para abordar uno de los principales desaf\u00edos del sector el\u00e9ctrico.<\/p>\n\n\n\n<p>Adem\u00e1s de la participaci\u00f3n de nuestro presidente, Jaime Toledo, como panelista, gran parte del directorio de Asociaci\u00f3n de Generaci\u00f3n Renovable (AGR A.G.) estuvo presente en la jornada, reafirmando el compromiso de la Asociaci\u00f3n con una discusi\u00f3n t\u00e9cnica y el desarrollo de propuestas que contribuyan a un sistema el\u00e9ctrico m\u00e1s eficiente y competitivo.<\/p>\n\n\n\n<p><\/p>\n\n\n\n<div class=\"wp-block-uagb-buttons uagb-buttons__outer-wrap uagb-btn__default-btn uagb-btn-tablet__default-btn uagb-btn-mobile__default-btn uagb-block-8851c152\"><div class=\"uagb-buttons__wrap uagb-buttons-layout-wrap\">\n<div class=\"wp-block-uagb-buttons-child uagb-buttons__outer-wrap uagb-block-20c12dea wp-block-button\"><div class=\"uagb-button__wrapper\"><a class=\"uagb-buttons-repeater wp-block-button__link\" aria-label=\"\" href=\"#https:\/\/digital.elmercurio.com\/2026\/08\/01\/A\/ND4LRGM2#zoom=page-width\" rel=\"follow noopener\" target=\"_self\" role=\"button\"><div class=\"uagb-button__link\">Los invitamos a ver la publicaci\u00f3n de El Mercurio<\/div><\/a><\/div><\/div>\n<\/div><\/div>\n\n\n\n<p><\/p>\n\n\n\n<p><\/p>","protected":false},"excerpt":{"rendered":"<p>Santiago, 01 de agosto de 2026. Compartimos la publicaci\u00f3n de El Mercurio con fotos del seminario \u201c\u00bfEs posible bajar la cuenta de la luz?\u201d, organizado junto a ACCIONA Energ\u00eda, una instancia que reuni\u00f3 a autoridades, parlamentarios, representantes de la industria y expertos para abordar uno de los principales desaf\u00edos del sector el\u00e9ctrico. Adem\u00e1s de la [&hellip;]<\/p>","protected":false},"author":1,"featured_media":6254,"comment_status":"closed","ping_status":"open","sticky":false,"template":"","format":"standard","meta":{"om_disable_all_campaigns":false,"_uag_custom_page_level_css":"","_monsterinsights_skip_tracking":false,"site-sidebar-layout":"default","site-content-layout":"","ast-site-content-layout":"default","site-content-style":"default","site-sidebar-style":"default","ast-global-header-display":"","ast-banner-title-visibility":"","ast-main-header-display":"","ast-hfb-above-header-display":"","ast-hfb-below-header-display":"","ast-hfb-mobile-header-display":"","site-post-title":"","ast-breadcrumbs-content":"","ast-featured-img":"","footer-sml-layout":"","theme-transparent-header-meta":"","adv-header-id-meta":"","stick-header-meta":"","header-above-stick-meta":"","header-main-stick-meta":"","header-below-stick-meta":"","astra-migrate-meta-layouts":"set","ast-page-background-enabled":"default","ast-page-background-meta":{"desktop":{"background-color":"","background-image":"","background-repeat":"repeat","background-position":"center center","background-size":"auto","background-attachment":"scroll","background-type":"","background-media":"","overlay-type":"","overlay-color":"","overlay-opacity":"","overlay-gradient":""},"tablet":{"background-color":"","background-image":"","background-repeat":"repeat","background-position":"center center","background-size":"auto","background-attachment":"scroll","background-type":"","background-media":"","overlay-type":"","overlay-color":"","overlay-opacity":"","overlay-gradient":""},"mobile":{"background-color":"","background-image":"","background-repeat":"repeat","background-position":"center center","background-size":"auto","background-attachment":"scroll","background-type":"","background-media":"","overlay-type":"","overlay-color":"","overlay-opacity":"","overlay-gradient":""}},"ast-content-background-meta":{"desktop":{"background-color":"var(--ast-global-color-5)","background-image":"","background-repeat":"repeat","background-position":"center center","background-size":"auto","background-attachment":"scroll","background-type":"","background-media":"","overlay-type":"","overlay-color":"","overlay-opacity":"","overlay-gradient":""},"tablet":{"background-color":"var(--ast-global-color-5)","background-image":"","background-repeat":"repeat","background-position":"center center","background-size":"auto","background-attachment":"scroll","background-type":"","background-media":"","overlay-type":"","overlay-color":"","overlay-opacity":"","overlay-gradient":""},"mobile":{"background-color":"var(--ast-global-color-5)","background-image":"","background-repeat":"repeat","background-position":"center center","background-size":"auto","background-attachment":"scroll","background-type":"","background-media":"","overlay-type":"","overlay-color":"","overlay-opacity":"","overlay-gradient":""}},"footnotes":""},"categories":[8],"tags":[],"class_list":["post-6250","post","type-post","status-publish","format-standard","has-post-thumbnail","hentry","category-noticias"],"aioseo_notices":[],"uagb_featured_image_src":{"full":["https:\/\/agrag.cl\/wp-content\/uploads\/2026\/08\/WhatsApp-Image-2026-09-01-at-12.18.55.jpeg",1280,960,false],"thumbnail":["https:\/\/agrag.cl\/wp-content\/uploads\/2026\/08\/WhatsApp-Image-2026-09-01-at-12.18.55-150x150.jpeg",150,150,true],"medium":["https:\/\/agrag.cl\/wp-content\/uploads\/2026\/08\/WhatsApp-Image-2026-09-01-at-12.18.55-300x225.jpeg",300,225,true],"medium_large":["https:\/\/agrag.cl\/wp-content\/uploads\/2026\/08\/WhatsApp-Image-2026-09-01-at-12.18.55-768x576.jpeg",768,576,true],"large":["https:\/\/agrag.cl\/wp-content\/uploads\/2026\/08\/WhatsApp-Image-2026-09-01-at-12.18.55-1024x768.jpeg",1024,768,true],"1536x1536":["https:\/\/agrag.cl\/wp-content\/uploads\/2026\/08\/WhatsApp-Image-2026-09-01-at-12.18.55.jpeg",1280,960,false],"2048x2048":["https:\/\/agrag.cl\/wp-content\/uploads\/2026\/08\/WhatsApp-Image-2026-09-01-at-12.18.55.jpeg",1280,960,false],"trp-custom-language-flag":["https:\/\/agrag.cl\/wp-content\/uploads\/2026\/08\/WhatsApp-Image-2026-09-01-at-12.18.55-16x12.jpeg",16,12,true]},"uagb_author_info":{"display_name":"Asociaci\u00f3n de Generaci\u00f3n Renovable","author_link":"https:\/\/agrag.cl\/en\/author\/csozaproyectacomunicaciones-cl\/"},"uagb_comment_info":0,"uagb_excerpt":"Santiago, 01 de agosto de 2026. Compartimos la publicaci\u00f3n de El Mercurio con fotos del seminario \u201c\u00bfEs posible bajar la cuenta de la luz?\u201d, organizado junto a ACCIONA Energ\u00eda, una instancia que reuni\u00f3 a autoridades, parlamentarios, representantes de la industria y expertos para abordar uno de los principales desaf\u00edos del sector el\u00e9ctrico. Adem\u00e1s de la&hellip;","_links":{"self":[{"href":"https:\/\/agrag.cl\/en\/wp-json\/wp\/v2\/posts\/6250","targetHints":{"allow":["GET"]}}],"collection":[{"href":"https:\/\/agrag.cl\/en\/wp-json\/wp\/v2\/posts"}],"about":[{"href":"https:\/\/agrag.cl\/en\/wp-json\/wp\/v2\/types\/post"}],"author":[{"embeddable":true,"href":"https:\/\/agrag.cl\/en\/wp-json\/wp\/v2\/users\/1"}],"replies":[{"embeddable":true,"href":"https:\/\/agrag.cl\/en\/wp-json\/wp\/v2\/comments?post=6250"}],"version-history":[{"count":2,"href":"https:\/\/agrag.cl\/en\/wp-json\/wp\/v2\/posts\/6250\/revisions"}],"predecessor-version":[{"id":6255,"href":"https:\/\/agrag.cl\/en\/wp-json\/wp\/v2\/posts\/6250\/revisions\/6255"}],"wp:featuredmedia":[{"embeddable":true,"href":"https:\/\/agrag.cl\/en\/wp-json\/wp\/v2\/media\/6254"}],"wp:attachment":[{"href":"https:\/\/agrag.cl\/en\/wp-json\/wp\/v2\/media?parent=6250"}],"wp:term":[{"taxonomy":"category","embeddable":true,"href":"https:\/\/agrag.cl\/en\/wp-json\/wp\/v2\/categories?post=6250"},{"taxonomy":"post_tag","embeddable":true,"href":"https:\/\/agrag.cl\/en\/wp-json\/wp\/v2\/tags?post=6250"}],"curies":[{"name":"wp","href":"https:\/\/api.w.org\/{rel}","templated":true}]}}