{"id":6258,"date":"2026-09-03T16:47:54","date_gmt":"2026-09-03T16:47:54","guid":{"rendered":"https:\/\/agrag.cl\/?p=6258"},"modified":"2026-09-03T16:47:55","modified_gmt":"2026-09-03T16:47:55","slug":"agr-en-el-seminario-energia-2030-del-diagnostico-a-la-accion","status":"publish","type":"post","link":"https:\/\/agrag.cl\/en\/agr-en-el-seminario-energia-2030-del-diagnostico-a-la-accion\/","title":{"rendered":"AGR en el seminario \u201cEnerg\u00eda 2030: Del diagn\u00f3stico a la acci\u00f3n\u201d"},"content":{"rendered":"<p>Santiago, 19 de agosto de 2026.<\/p>\n\n\n\n<p>Como Asociaci\u00f3n de Generaci\u00f3n Renovable (AGR A.G.) participamos en el seminario \u201cEnerg\u00eda 2030: Del diagn\u00f3stico a la acci\u00f3n\u201d, encuentro que reuni\u00f3 a autoridades, expertos, academia y representantes del sector para abordar los desaf\u00edos que marcar\u00e1n el desarrollo energ\u00e9tico de Chile durante los pr\u00f3ximos a\u00f1os.&nbsp;<\/p>\n\n\n\n<p>La jornada fue encabezada por la ministra de Energ\u00eda, Ximena Rinc\u00f3n, y el subsecretario de Energ\u00eda, Hugo Briones, y cont\u00f3 con una charla magistral del expresidente Eduardo Frei, actual presidente del Consejo Pol\u00edticas de Infraestructura (CPI). De parte de la Asociaci\u00f3n, participaron el director ejecutivo, Rafael Loyola y Guillermo Dunlop, director.<\/p>\n\n\n\n<p>Valoramos estos espacios que permiten poner sobre la mesa los desaf\u00edos pendientes y, especialmente, avanzar hacia las decisiones y acciones que el sector necesita para seguir aportando al desarrollo energ\u00e9tico de Chile.<\/p>\n\n\n\n<p><\/p>\n\n\n\n<p><\/p>\n\n\n\n<p><\/p>","protected":false},"excerpt":{"rendered":"<p>Santiago, 19 de agosto de 2026. Como Asociaci\u00f3n de Generaci\u00f3n Renovable (AGR A.G.) participamos en el seminario \u201cEnerg\u00eda 2030: Del diagn\u00f3stico a la acci\u00f3n\u201d, encuentro que reuni\u00f3 a autoridades, expertos, academia y representantes del sector para abordar los desaf\u00edos que marcar\u00e1n el desarrollo energ\u00e9tico de Chile durante los pr\u00f3ximos a\u00f1os.&nbsp; La jornada fue encabezada por [&hellip;]<\/p>","protected":false},"author":1,"featured_media":6259,"comment_status":"closed","ping_status":"open","sticky":false,"template":"","format":"standard","meta":{"om_disable_all_campaigns":false,"_uag_custom_page_level_css":"","_monsterinsights_skip_tracking":false,"site-sidebar-layout":"default","site-content-layout":"","ast-site-content-layout":"default","site-content-style":"default","site-sidebar-style":"default","ast-global-header-display":"","ast-banner-title-visibility":"","ast-main-header-display":"","ast-hfb-above-header-display":"","ast-hfb-below-header-display":"","ast-hfb-mobile-header-display":"","site-post-title":"","ast-breadcrumbs-content":"","ast-featured-img":"","footer-sml-layout":"","theme-transparent-header-meta":"","adv-header-id-meta":"","stick-header-meta":"","header-above-stick-meta":"","header-main-stick-meta":"","header-below-stick-meta":"","astra-migrate-meta-layouts":"set","ast-page-background-enabled":"default","ast-page-background-meta":{"desktop":{"background-color":"","background-image":"","background-repeat":"repeat","background-position":"center center","background-size":"auto","background-attachment":"scroll","background-type":"","background-media":"","overlay-type":"","overlay-color":"","overlay-opacity":"","overlay-gradient":""},"tablet":{"background-color":"","background-image":"","background-repeat":"repeat","background-position":"center center","background-size":"auto","background-attachment":"scroll","background-type":"","background-media":"","overlay-type":"","overlay-color":"","overlay-opacity":"","overlay-gradient":""},"mobile":{"background-color":"","background-image":"","background-repeat":"repeat","background-position":"center center","background-size":"auto","background-attachment":"scroll","background-type":"","background-media":"","overlay-type":"","overlay-color":"","overlay-opacity":"","overlay-gradient":""}},"ast-content-background-meta":{"desktop":{"background-color":"var(--ast-global-color-5)","background-image":"","background-repeat":"repeat","background-position":"center center","background-size":"auto","background-attachment":"scroll","background-type":"","background-media":"","overlay-type":"","overlay-color":"","overlay-opacity":"","overlay-gradient":""},"tablet":{"background-color":"var(--ast-global-color-5)","background-image":"","background-repeat":"repeat","background-position":"center center","background-size":"auto","background-attachment":"scroll","background-type":"","background-media":"","overlay-type":"","overlay-color":"","overlay-opacity":"","overlay-gradient":""},"mobile":{"background-color":"var(--ast-global-color-5)","background-image":"","background-repeat":"repeat","background-position":"center center","background-size":"auto","background-attachment":"scroll","background-type":"","background-media":"","overlay-type":"","overlay-color":"","overlay-opacity":"","overlay-gradient":""}},"footnotes":""},"categories":[8],"tags":[],"class_list":["post-6258","post","type-post","status-publish","format-standard","has-post-thumbnail","hentry","category-noticias"],"aioseo_notices":[],"uagb_featured_image_src":{"full":["https:\/\/agrag.cl\/wp-content\/uploads\/2026\/09\/AGR-en-seminario.jpg",1319,989,false],"thumbnail":["https:\/\/agrag.cl\/wp-content\/uploads\/2026\/09\/AGR-en-seminario-150x150.jpg",150,150,true],"medium":["https:\/\/agrag.cl\/wp-content\/uploads\/2026\/09\/AGR-en-seminario-300x225.jpg",300,225,true],"medium_large":["https:\/\/agrag.cl\/wp-content\/uploads\/2026\/09\/AGR-en-seminario-768x576.jpg",768,576,true],"large":["https:\/\/agrag.cl\/wp-content\/uploads\/2026\/09\/AGR-en-seminario-1024x768.jpg",1024,768,true],"1536x1536":["https:\/\/agrag.cl\/wp-content\/uploads\/2026\/09\/AGR-en-seminario.jpg",1319,989,false],"2048x2048":["https:\/\/agrag.cl\/wp-content\/uploads\/2026\/09\/AGR-en-seminario.jpg",1319,989,false],"trp-custom-language-flag":["https:\/\/agrag.cl\/wp-content\/uploads\/2026\/09\/AGR-en-seminario-16x12.jpg",16,12,true]},"uagb_author_info":{"display_name":"Asociaci\u00f3n de Generaci\u00f3n Renovable","author_link":"https:\/\/agrag.cl\/en\/author\/csozaproyectacomunicaciones-cl\/"},"uagb_comment_info":0,"uagb_excerpt":"Santiago, 19 de agosto de 2026. Como Asociaci\u00f3n de Generaci\u00f3n Renovable (AGR A.G.) participamos en el seminario \u201cEnerg\u00eda 2030: Del diagn\u00f3stico a la acci\u00f3n\u201d, encuentro que reuni\u00f3 a autoridades, expertos, academia y representantes del sector para abordar los desaf\u00edos que marcar\u00e1n el desarrollo energ\u00e9tico de Chile durante los pr\u00f3ximos a\u00f1os.&nbsp; La jornada fue encabezada por&hellip;","_links":{"self":[{"href":"https:\/\/agrag.cl\/en\/wp-json\/wp\/v2\/posts\/6258","targetHints":{"allow":["GET"]}}],"collection":[{"href":"https:\/\/agrag.cl\/en\/wp-json\/wp\/v2\/posts"}],"about":[{"href":"https:\/\/agrag.cl\/en\/wp-json\/wp\/v2\/types\/post"}],"author":[{"embeddable":true,"href":"https:\/\/agrag.cl\/en\/wp-json\/wp\/v2\/users\/1"}],"replies":[{"embeddable":true,"href":"https:\/\/agrag.cl\/en\/wp-json\/wp\/v2\/comments?post=6258"}],"version-history":[{"count":1,"href":"https:\/\/agrag.cl\/en\/wp-json\/wp\/v2\/posts\/6258\/revisions"}],"predecessor-version":[{"id":6260,"href":"https:\/\/agrag.cl\/en\/wp-json\/wp\/v2\/posts\/6258\/revisions\/6260"}],"wp:featuredmedia":[{"embeddable":true,"href":"https:\/\/agrag.cl\/en\/wp-json\/wp\/v2\/media\/6259"}],"wp:attachment":[{"href":"https:\/\/agrag.cl\/en\/wp-json\/wp\/v2\/media?parent=6258"}],"wp:term":[{"taxonomy":"category","embeddable":true,"href":"https:\/\/agrag.cl\/en\/wp-json\/wp\/v2\/categories?post=6258"},{"taxonomy":"post_tag","embeddable":true,"href":"https:\/\/agrag.cl\/en\/wp-json\/wp\/v2\/tags?post=6258"}],"curies":[{"name":"wp","href":"https:\/\/api.w.org\/{rel}","templated":true}]}}